{"id":5966,"date":"2025-09-04T10:10:28","date_gmt":"2025-09-04T08:10:28","guid":{"rendered":"https:\/\/www.artisti.no\/vi-soker-na-nye-kollegaer-til-var-avdeling-i-malmo\/"},"modified":"2025-12-01T09:19:15","modified_gmt":"2025-12-01T07:19:15","slug":"vi-soker-na-nye-kollegaer-til-var-avdeling-i-malmo","status":"publish","type":"post","link":"https:\/\/www.artisti.no\/en\/vi-soker-na-nye-kollegaer-til-var-avdeling-i-malmo\/","title":{"rendered":"New Roles Open in Malm\u00f6!"},"content":{"rendered":"\n<section id=\"acf-highlight-block_199204296cb1a1e3295379ba357a4cea\"class=\"block-section highlight element-width--full keep-margin has-background has-yellow-light-background-color wp-block-acf-highlight\" data-aos=\"fade-up\" data-aos-offset=\"400\">\n\t<div class=\"highlight__wrapper block-section-wrapper\" >\n\t\t<div class=\"highlight__content left\">\n\t\t\t<h2 class=\"highlight__title heading-size-large\">We are now looking for new colleagues to join our Malm\u00f6 office!<\/h2><p class=\"highlight__text text-size-large\">Artisti is a market-leading Norwegian company with over 35 years of industry experience. With us, you\u2019ll have the opportunity to join a company that dares to think innovatively while consistently delivering solid quality. We develop and provide complete solutions that strengthen our clients\u2019 competitiveness and visibility in the market. Sustainability is central to everything we do, and through long-term partnerships with our suppliers, we ensure quality, responsibility and control at every stage.<\/p>\t\t<\/div>\n\t\t<div class=\"highlight__images right single-img\">\n\t\t\t<figure class=\"stem-image\"><img loading=\"lazy\" decoding=\"async\" width=\"900\" height=\"900\" src=\"https:\/\/www.artisti.no\/wp-content\/uploads\/2025\/08\/vi-soker-na-nye-kollegaer-til-var-avdeling-i-malmo-900x900.png\" class=\"attachment-square size-square\" alt=\"Vi s\u00f8ker n\u00e5 nye kollegaer til v\u00e5r avdeling i Malm\u00f6! 1\" srcset=\"https:\/\/www.artisti.no\/wp-content\/uploads\/2025\/08\/vi-soker-na-nye-kollegaer-til-var-avdeling-i-malmo-900x900.png 900w, https:\/\/www.artisti.no\/wp-content\/uploads\/2025\/08\/vi-soker-na-nye-kollegaer-til-var-avdeling-i-malmo-150x150.png 150w\" sizes=\"(max-width: 900px) 100vw, 900px\" \/><\/figure><figure class=\"stem-image img-placeholder\"><img loading=\"lazy\" decoding=\"async\" width=\"900\" height=\"900\" src=\"https:\/\/www.artisti.no\/wp-content\/uploads\/2025\/08\/vi-soker-na-nye-kollegaer-til-var-avdeling-i-malmo-900x900.png\" class=\"attachment-square size-square\" alt=\"Vi s\u00f8ker n\u00e5 nye kollegaer til v\u00e5r avdeling i Malm\u00f6! 1\" srcset=\"https:\/\/www.artisti.no\/wp-content\/uploads\/2025\/08\/vi-soker-na-nye-kollegaer-til-var-avdeling-i-malmo-900x900.png 900w, https:\/\/www.artisti.no\/wp-content\/uploads\/2025\/08\/vi-soker-na-nye-kollegaer-til-var-avdeling-i-malmo-150x150.png 150w\" sizes=\"(max-width: 900px) 100vw, 900px\" \/><\/figure>\t\t<\/div>\n\t<\/div>\n<\/section>\n\n\n\n<section id=\"acf-text-media-block_1f010a7bd26f4e56ffadf5cbb802800e\"class=\"block-section text-media align-full wp-block-acf-text-media\">\n\t<div class=\"block-section-wrapper element-width--full\" data-aos=\"fade-up\">\n\t\t<figure class=\"stem-image text-media__thumbnail text-media-box\">\n\t\t\t<img loading=\"lazy\" decoding=\"async\" width=\"900\" height=\"900\" src=\"https:\/\/www.artisti.no\/wp-content\/uploads\/2025\/08\/vi-soker-na-nye-kollegaer-til-var-avdeling-i-malmo-2-900x900.webp\" class=\"attachment-square size-square\" alt=\"Vi s\u00f8ker n\u00e5 nye kollegaer til v\u00e5r avdeling i Malm\u00f6! 1\" srcset=\"https:\/\/www.artisti.no\/wp-content\/uploads\/2025\/08\/vi-soker-na-nye-kollegaer-til-var-avdeling-i-malmo-2-900x900.webp 900w, https:\/\/www.artisti.no\/wp-content\/uploads\/2025\/08\/vi-soker-na-nye-kollegaer-til-var-avdeling-i-malmo-2-300x300.webp 300w, https:\/\/www.artisti.no\/wp-content\/uploads\/2025\/08\/vi-soker-na-nye-kollegaer-til-var-avdeling-i-malmo-2-150x150.webp 150w, https:\/\/www.artisti.no\/wp-content\/uploads\/2025\/08\/vi-soker-na-nye-kollegaer-til-var-avdeling-i-malmo-2-768x768.webp 768w, https:\/\/www.artisti.no\/wp-content\/uploads\/2025\/08\/vi-soker-na-nye-kollegaer-til-var-avdeling-i-malmo-2.webp 1024w\" sizes=\"(max-width: 900px) 100vw, 900px\" \/>\t\t<\/figure>\n\t\t<div class=\"text-media-box right\">\n\t\t\t<div class=\"text-media__content\">\n\t\t\t<p class=\"text-media__text text-size-large\">We are now taking the next step and expanding our operations in Sweden. We are therefore looking for a Sales Manager who is passionate about sales and service \u2013 and who wants to work in a company where the customer is always at the centre. With us, you will have an exciting role with responsibility for following up and developing existing customers, while also building new relationships and creating business opportunities. We know that great results are created when structure meets creativity, and we are looking for someone who enjoys handling multiple projects in parallel \u2013 while keeping both your good spirits and overview intact.<br \/>\r\n<br \/>\r\nIn Artisti, you don\u2019t just get a job \u2013 you become part of a strong and dedicated professional environment. We deliver tailored solutions within branding, product media, trade fairs and events, and we are proud to have employees with high expertise and a genuine commitment to our customers. With us, we share ideas, support each other and celebrate successes together. You will work closely with experienced Project Managers and receive support from dedicated teams within IT, marketing, purchasing, HR and finance.<br \/>\r\n<br \/>\r\nFeel free to contact Managing Director Tor Akersveen if you have any questions or would like to join the team!<br \/>\r\n<br \/>\r\n<p><a href=\"mailto:Tor.akersveen@artisti.no\">Tor.akersveen@artisti.no<\/a> \/<a href=\"tel:95072480\">950 72 480<\/a><\/p> <\/p>\t\t\t<\/div>\n\t\t<\/div>\n\t<\/div>\n<\/section>\n","protected":false},"excerpt":{"rendered":"","protected":false},"author":20,"featured_media":5759,"comment_status":"closed","ping_status":"closed","sticky":false,"template":"","format":"standard","meta":{"_acf_changed":false,"footnotes":""},"categories":[63],"tags":[],"acf":[],"_links":{"self":[{"href":"https:\/\/www.artisti.no\/en\/wp-json\/wp\/v2\/posts\/5966"}],"collection":[{"href":"https:\/\/www.artisti.no\/en\/wp-json\/wp\/v2\/posts"}],"about":[{"href":"https:\/\/www.artisti.no\/en\/wp-json\/wp\/v2\/types\/post"}],"author":[{"embeddable":true,"href":"https:\/\/www.artisti.no\/en\/wp-json\/wp\/v2\/users\/20"}],"replies":[{"embeddable":true,"href":"https:\/\/www.artisti.no\/en\/wp-json\/wp\/v2\/comments?post=5966"}],"version-history":[{"count":0,"href":"https:\/\/www.artisti.no\/en\/wp-json\/wp\/v2\/posts\/5966\/revisions"}],"wp:featuredmedia":[{"embeddable":true,"href":"https:\/\/www.artisti.no\/en\/wp-json\/wp\/v2\/media\/5759"}],"wp:attachment":[{"href":"https:\/\/www.artisti.no\/en\/wp-json\/wp\/v2\/media?parent=5966"}],"wp:term":[{"taxonomy":"category","embeddable":true,"href":"https:\/\/www.artisti.no\/en\/wp-json\/wp\/v2\/categories?post=5966"},{"taxonomy":"post_tag","embeddable":true,"href":"https:\/\/www.artisti.no\/en\/wp-json\/wp\/v2\/tags?post=5966"}],"curies":[{"name":"wp","href":"https:\/\/api.w.org\/{rel}","templated":true}]}}